{"id":216,"date":"2003-01-01T16:09:16","date_gmt":"2003-01-01T15:09:16","guid":{"rendered":"http:\/\/www.famille-dupuy.com\/cvwp\/?p=216"},"modified":"2014-10-08T14:08:50","modified_gmt":"2014-10-08T13:08:50","slug":"2003-bulac","status":"publish","type":"post","link":"https:\/\/cv.famille-dupuy.com\/?p=216","title":{"rendered":"2003 &#8211; BULAC"},"content":{"rendered":"<p><a href=\"http:\/\/www.famille-dupuy.com\/cvwp\/wp-content\/uploads\/2014\/10\/site_bulac.jpg\"><img loading=\"lazy\" decoding=\"async\" class=\"alignleft size-thumbnail wp-image-155\" style=\"margin: 0 25px 0 0;\" src=\"http:\/\/www.famille-dupuy.com\/cvwp\/wp-content\/uploads\/2014\/10\/site_bulac-150x150.jpg\" alt=\"site_bulac\" width=\"100\" height=\"100\" srcset=\"https:\/\/cv.famille-dupuy.com\/wp-content\/uploads\/2014\/10\/site_bulac-150x150.jpg 150w, https:\/\/cv.famille-dupuy.com\/wp-content\/uploads\/2014\/10\/site_bulac-54x54.jpg 54w\" sizes=\"(max-width: 100px) 100vw, 100px\" \/><\/a>Site de pr\u00e9sentation du projet de construction de la Biblioth\u00e8que Universitaire des Langues et Civilisation (Paris)<\/p>\n<p>&nbsp;<br \/>\n<!--more--><\/p>\n<p>&nbsp;<\/p>\n<p>En tant que Webmaster, mes objectifs \u00e9taient de cr\u00e9er un site de pr\u00e9sentation de la Biblioth\u00e8que Universitaire des Langues et Civilisations.<\/p>\n<ul>\n<li>gestion du projet web<\/li>\n<li>d\u00e9terminer et mettre en place les choix techniques (d\u00e9veloppement et h\u00e9bergement)<\/li>\n<li>veiller \u00e0 l&rsquo;aprovisionnement r\u00e9gulier en contenu<\/li>\n<\/ul>\n<p>&nbsp;<\/p>\n<p><a href=\"http:\/\/www.famille-dupuy.com\/cvwp\/wp-content\/uploads\/2014\/10\/site_bulac.jpg\"><img loading=\"lazy\" decoding=\"async\" class=\"alignleft  wp-image-155\" src=\"http:\/\/www.famille-dupuy.com\/cvwp\/wp-content\/uploads\/2014\/10\/site_bulac.jpg\" alt=\"site_bulac\" width=\"554\" height=\"403\" style=\"margin: 0 25px 0 0;\" srcset=\"https:\/\/cv.famille-dupuy.com\/wp-content\/uploads\/2014\/10\/site_bulac.jpg 853w, https:\/\/cv.famille-dupuy.com\/wp-content\/uploads\/2014\/10\/site_bulac-300x218.jpg 300w\" sizes=\"(max-width: 554px) 100vw, 554px\" \/><\/a><\/p>\n<p><b>Langage<\/b> : PHP<br \/>\n<b>Base de donn\u00e9es<\/b> : MySQL<br \/>\n<b>OS<\/b> : Windows 2003 Server<br \/>\n<b>Serveur web<\/b> : IIS<\/p>\n<p>&nbsp;<\/p>\n<p><i class=\"fa fa-globe\"><\/i> URL : <a href=\"http:\/\/www.bulac.fr\">www.bulac.fr<\/a><\/p>\n","protected":false},"excerpt":{"rendered":"<p>Site de pr\u00e9sentation du projet de construction de la Biblioth\u00e8que Universitaire des Langues et Civilisation (Paris) &nbsp;<\/p>\n","protected":false},"author":1,"featured_media":0,"comment_status":"closed","ping_status":"open","sticky":false,"template":"","format":"standard","meta":{"footnotes":""},"categories":[8],"tags":[],"_links":{"self":[{"href":"https:\/\/cv.famille-dupuy.com\/index.php?rest_route=\/wp\/v2\/posts\/216"}],"collection":[{"href":"https:\/\/cv.famille-dupuy.com\/index.php?rest_route=\/wp\/v2\/posts"}],"about":[{"href":"https:\/\/cv.famille-dupuy.com\/index.php?rest_route=\/wp\/v2\/types\/post"}],"author":[{"embeddable":true,"href":"https:\/\/cv.famille-dupuy.com\/index.php?rest_route=\/wp\/v2\/users\/1"}],"replies":[{"embeddable":true,"href":"https:\/\/cv.famille-dupuy.com\/index.php?rest_route=%2Fwp%2Fv2%2Fcomments&post=216"}],"version-history":[{"count":2,"href":"https:\/\/cv.famille-dupuy.com\/index.php?rest_route=\/wp\/v2\/posts\/216\/revisions"}],"predecessor-version":[{"id":280,"href":"https:\/\/cv.famille-dupuy.com\/index.php?rest_route=\/wp\/v2\/posts\/216\/revisions\/280"}],"wp:attachment":[{"href":"https:\/\/cv.famille-dupuy.com\/index.php?rest_route=%2Fwp%2Fv2%2Fmedia&parent=216"}],"wp:term":[{"taxonomy":"category","embeddable":true,"href":"https:\/\/cv.famille-dupuy.com\/index.php?rest_route=%2Fwp%2Fv2%2Fcategories&post=216"},{"taxonomy":"post_tag","embeddable":true,"href":"https:\/\/cv.famille-dupuy.com\/index.php?rest_route=%2Fwp%2Fv2%2Ftags&post=216"}],"curies":[{"name":"wp","href":"https:\/\/api.w.org\/{rel}","templated":true}]}}